{"id":9292,"date":"2026-09-02T16:39:26","date_gmt":"2026-09-02T14:39:26","guid":{"rendered":"https:\/\/www.evaporation.com\/?p=9292"},"modified":"2026-09-02T16:54:47","modified_gmt":"2026-09-02T14:54:47","slug":"operation-logistique-evaporateur-55-tonnes-mexique","status":"publish","type":"post","link":"https:\/\/www.evaporation.com\/fr\/actualites\/operation-logistique-evaporateur-55-tonnes-mexique\/","title":{"rendered":"\u00c9vaporateur de 55 tonnes : une op\u00e9ration logistique hors normes en route vers le Mexique"},"content":{"rendered":"\t\t<div data-elementor-type=\"wp-post\" data-elementor-id=\"9292\" class=\"elementor elementor-9292\" data-elementor-post-type=\"post\">\n\t\t\t\t<div class=\"elementor-element elementor-element-097442d e-flex e-con-boxed e-con e-parent\" data-id=\"097442d\" data-element_type=\"container\" data-e-type=\"container\" data-settings=\"{&quot;jet_parallax_layout_list&quot;:[]}\">\n\t\t\t\t\t<div class=\"e-con-inner\">\n\t\t<div class=\"elementor-element elementor-element-56f5aff e-con-full e-flex e-con e-child\" data-id=\"56f5aff\" data-element_type=\"container\" data-e-type=\"container\" data-settings=\"{&quot;jet_parallax_layout_list&quot;:[]}\">\n\t\t\t\t<div class=\"elementor-element elementor-element-1daf835 elementor-widget elementor-widget-image\" data-id=\"1daf835\" data-element_type=\"widget\" data-e-type=\"widget\" data-widget_type=\"image.default\">\n\t\t\t\t\t\t\t\t\t\t\t\t\t\t\t<img loading=\"lazy\" decoding=\"async\" width=\"800\" height=\"533\" src=\"https:\/\/www.evaporation.com\/wp-content\/uploads\/FE-Communication-GIF_Transbordement-evapo-ABM2-Mexique.gif\" class=\"attachment-large size-large wp-image-9305\" alt=\"[FE Communication] GIF_Transbordement \u00e9vapo ABM2 Mexique\" \/>\t\t\t\t\t\t\t\t\t\t\t\t\t\t\t<\/div>\n\t\t\t\t<\/div>\n\t\t<div class=\"elementor-element elementor-element-a910d01 e-con-full e-flex e-con e-child\" data-id=\"a910d01\" data-element_type=\"container\" data-e-type=\"container\" data-settings=\"{&quot;jet_parallax_layout_list&quot;:[]}\">\n\t\t<div class=\"elementor-element elementor-element-5b927bd e-con-full e-flex e-con e-child\" data-id=\"5b927bd\" data-element_type=\"container\" data-e-type=\"container\" data-settings=\"{&quot;jet_parallax_layout_list&quot;:[]}\">\n\t\t\t\t<div class=\"elementor-element elementor-element-922c8f0 elementor-widget elementor-widget-text-editor\" data-id=\"922c8f0\" data-element_type=\"widget\" data-e-type=\"widget\" data-widget_type=\"text-editor.default\">\n\t\t\t\t\t\t\t\t\t<p style=\"text-align: justify;\">Transporter un \u00e9quipement industriel de 55 tonnes et de 21 m\u00e8tres de long n&rsquo;est jamais une op\u00e9ration ordinaire. C&rsquo;est pourtant le d\u00e9fi qu&rsquo;ont relev\u00e9 les \u00e9quipes FE lors du transbordement d&rsquo;un nouvel \u00e9vaporateur destin\u00e9 \u00e0 une installation industrielle au Mexique.\n<br\/>\n<br\/>Sous une m\u00e9t\u00e9o capricieuse mais dans des conditions parfaitement ma\u00eetris\u00e9es, l\u2019\u00e9quipement a \u00e9t\u00e9 transf\u00e9r\u00e9 d\u2019un convoi routier vers une barge fluviale sur les rives de l\u2019Aa avant de poursuivre son voyage transatlantique.<\/p>\t\t\t\t\t\t\t\t<\/div>\n\t\t\t\t<\/div>\n\t\t\t\t<\/div>\n\t\t\t\t\t<\/div>\n\t\t\t\t<\/div>\n\t\t<div class=\"elementor-element elementor-element-b83afdc e-flex e-con-boxed e-con e-parent\" data-id=\"b83afdc\" data-element_type=\"container\" data-e-type=\"container\" data-settings=\"{&quot;jet_parallax_layout_list&quot;:[]}\">\n\t\t\t\t\t<div class=\"e-con-inner\">\n\t\t\t\t<div class=\"elementor-element elementor-element-0e5a0a8 elementor-widget elementor-widget-text-editor\" data-id=\"0e5a0a8\" data-element_type=\"widget\" data-e-type=\"widget\" data-widget_type=\"text-editor.default\">\n\t\t\t\t\t\t\t\t\t<p style=\"text-align: justify;\">Au-del\u00e0 des images impressionnantes qu&rsquo;offre ce type de manutention, cette op\u00e9ration illustre toute l&rsquo;expertise technique, logistique et humaine n\u00e9cessaire \u00e0 la r\u00e9alisation de projets industriels d&rsquo;envergure.<\/p>\t\t\t\t\t\t\t\t<\/div>\n\t\t\t\t<div class=\"elementor-element elementor-element-2e7b10c elementor-widget elementor-widget-heading\" data-id=\"2e7b10c\" data-element_type=\"widget\" data-e-type=\"widget\" data-widget_type=\"heading.default\">\n\t\t\t\t\t<h3 class=\"elementor-heading-title elementor-size-default\">&gt; Bien plus qu'un simple transport<\/h3>\t\t\t\t<\/div>\n\t\t\t\t<div class=\"elementor-element elementor-element-79eeee0 elementor-widget elementor-widget-text-editor\" data-id=\"79eeee0\" data-element_type=\"widget\" data-e-type=\"widget\" data-widget_type=\"text-editor.default\">\n\t\t\t\t\t\t\t\t\t<p style=\"text-align: justify;\">Derri\u00e8re le d\u00e9placement d\u2019un \u00e9quipement de cette envergure se cache un d\u00e9fi logistique et technique bien plus complexe qu\u2019une simple op\u00e9ration de levage.\n<br\/>\nChaque \u00e9tape est minutieusement pr\u00e9par\u00e9e en amont : \u00e9tudes de faisabilit\u00e9, choix des moyens de transport, coordination des diff\u00e9rents intervenants, s\u00e9curisation des op\u00e9rations, gestion des contraintes r\u00e9glementaires et anticipation des al\u00e9as.\n<br\/>\n<br\/>\nL&rsquo;objectif est simple : garantir que l&rsquo;\u00e9quipement rejoigne sa destination finale dans les meilleures conditions, sans compromis sur la s\u00e9curit\u00e9, la qualit\u00e9 ou les d\u00e9lais.\n<br\/>\n\nDans le cas pr\u00e9sent, le transbordement vers une barge constituait une \u00e9tape incontournable du parcours logistique avant l&rsquo;exp\u00e9dition maritime vers le continent nord-am\u00e9ricain, puis son acheminement jusqu&rsquo;au site d&rsquo;exploitation au Mexique.<\/p>\t\t\t\t\t\t\t\t<\/div>\n\t\t\t\t<div class=\"elementor-element elementor-element-c411bd7 elementor-widget elementor-widget-heading\" data-id=\"c411bd7\" data-element_type=\"widget\" data-e-type=\"widget\" data-widget_type=\"heading.default\">\n\t\t\t\t\t<h3 class=\"elementor-heading-title elementor-size-default\">&gt; Un nouveau projet qui s'inscrit dans la continuit\u00e9 d'une premi\u00e8re r\u00e9ussite\n<\/h3>\t\t\t\t<\/div>\n\t\t\t\t<div class=\"elementor-element elementor-element-3db8b29 elementor-widget elementor-widget-text-editor\" data-id=\"3db8b29\" data-element_type=\"widget\" data-e-type=\"widget\" data-widget_type=\"text-editor.default\">\n\t\t\t\t\t\t\t\t\t<p style=\"text-align: justify;\">Ce nouvel \u00e9vaporateur fait suite \u00e0 une premi\u00e8re r\u00e9alisation couronn\u00e9e de succ\u00e8s.\n<br\/>\nLa confiance accord\u00e9e \u00e0 FE by France Evaporation a ainsi \u00e9t\u00e9 renouvel\u00e9e pour cette nouvelle installation, destin\u00e9e \u00e0 r\u00e9pondre \u00e0 des enjeux environnementaux majeurs.\n<br\/>\n<br\/>\nLe but du proc\u00e9d\u00e9 est de transformer des effluents complexes qui ne peuvent \u00eatre rejet\u00e9s directement dans l&rsquo;environnement en une ressource valorisable et r\u00e9utilisable. Cette approche contribue \u00e0 une gestion plus durable de l&rsquo;eau et s&rsquo;inscrit pleinement dans les d\u00e9marches industrielles de r\u00e9duction des impacts environnementaux.<\/p>\t\t\t\t\t\t\t\t<\/div>\n\t\t\t\t\t<\/div>\n\t\t\t\t<\/div>\n\t\t<div class=\"elementor-element elementor-element-281b127 e-flex e-con-boxed e-con e-parent\" data-id=\"281b127\" data-element_type=\"container\" data-e-type=\"container\" data-settings=\"{&quot;jet_parallax_layout_list&quot;:[]}\">\n\t\t\t\t\t<div class=\"e-con-inner\">\n\t\t\t\t<div class=\"elementor-element elementor-element-f5961ff elementor-widget elementor-widget-heading\" data-id=\"f5961ff\" data-element_type=\"widget\" data-e-type=\"widget\" data-widget_type=\"heading.default\">\n\t\t\t\t\t<h3 class=\"elementor-heading-title elementor-size-default\">&gt; Derri\u00e8re les images, des mois de pr\u00e9paration<\/h3>\t\t\t\t<\/div>\n\t\t\t\t<div class=\"elementor-element elementor-element-d53aa75 elementor-widget elementor-widget-text-editor\" data-id=\"d53aa75\" data-element_type=\"widget\" data-e-type=\"widget\" data-widget_type=\"text-editor.default\">\n\t\t\t\t\t\t\t\t\t<p style=\"text-align: justify;\">Si le transbordement constitue souvent la partie la plus visible du projet, il n&rsquo;en repr\u00e9sente qu&rsquo;une infime partie.\n<br\/>\nAvant d&rsquo;arriver sur les quais, l&rsquo;\u00e9quipement a n\u00e9cessit\u00e9 plusieurs mois d&rsquo;\u00e9tudes, d&rsquo;ing\u00e9nierie, de production et de suivi de projet. \n<br\/>Conception thermique, dimensionnement des \u00e9quipements, fabrication, contr\u00f4le qualit\u00e9, coordination des diff\u00e9rents corps de m\u00e9tier : autant d&rsquo;\u00e9tapes essentielles pour donner vie \u00e0 une solution enti\u00e8rement adapt\u00e9e aux besoins de l&rsquo;exploitant.\n<br\/>\n<br\/>\nChaque r\u00e9alisation mobilise ainsi de nombreuses comp\u00e9tences techniques et op\u00e9rationnelles afin de garantir la performance et la fiabilit\u00e9 de l&rsquo;installation une fois mise en service.<\/p>\t\t\t\t\t\t\t\t<\/div>\n\t\t\t\t<div class=\"elementor-element elementor-element-f5288f1 elementor-widget elementor-widget-heading\" data-id=\"f5288f1\" data-element_type=\"widget\" data-e-type=\"widget\" data-widget_type=\"heading.default\">\n\t\t\t\t\t<h3 class=\"elementor-heading-title elementor-size-default\">&gt;  Destination : le Mexique<\/h3>\t\t\t\t<\/div>\n\t\t\t\t<div class=\"elementor-element elementor-element-bd77ad7 elementor-widget elementor-widget-text-editor\" data-id=\"bd77ad7\" data-element_type=\"widget\" data-e-type=\"widget\" data-widget_type=\"text-editor.default\">\n\t\t\t\t\t\t\t\t\t<p style=\"text-align: justify;\">Apr\u00e8s son transfert vers la barge puis son exp\u00e9dition maritime, l&rsquo;\u00e9vaporateur poursuivra son voyage jusqu&rsquo;au Mexique o\u00f9 il sera install\u00e9 et mis en service sur son site de production.\n<br\/>\nCette nouvelle r\u00e9alisation illustre la capacit\u00e9 de FE \u00e0 concevoir, fabriquer et livrer des \u00e9quipements de grande dimension partout dans le monde, tout en ma\u00eetrisant l&rsquo;ensemble des contraintes associ\u00e9es \u00e0 ce type de projet.\n<br\/>\n<br\/>\nCar lorsque l&rsquo;on parle d&rsquo;installations industrielles sur mesure, la performance ne se mesure pas uniquement \u00e0 la taille des \u00e9quipements. Elle repose avant tout sur la pr\u00e9cision de chaque d\u00e9tail, depuis les premi\u00e8res \u00e9tudes jusqu&rsquo;\u00e0 la livraison sur site.\n<\/p>\t\t\t\t\t\t\t\t<\/div>\n\t\t\t\t<div class=\"elementor-element elementor-element-e99403c elementor-widget elementor-widget-video\" data-id=\"e99403c\" data-element_type=\"widget\" data-e-type=\"widget\" data-settings=\"{&quot;youtube_url&quot;:&quot;https:\\\/\\\/youtu.be\\\/nIoIyHRBQ0c?si=4WZ6WJHKszWTEyjB&quot;,&quot;video_type&quot;:&quot;youtube&quot;,&quot;controls&quot;:&quot;yes&quot;}\" data-widget_type=\"video.default\">\n\t\t\t\t\t\t\t<div class=\"elementor-wrapper elementor-open-inline\">\n\t\t\t<div class=\"elementor-video\"><\/div>\t\t<\/div>\n\t\t\t\t\t\t<\/div>\n\t\t\t\t<div class=\"elementor-element elementor-element-5c00599 elementor-widget elementor-widget-text-editor\" data-id=\"5c00599\" data-element_type=\"widget\" data-e-type=\"widget\" data-widget_type=\"text-editor.default\">\n\t\t\t\t\t\t\t\t\t<p style=\"text-align: justify;\"><br \/><strong>Le d\u00e9placement d\u2019un \u00e9quipement industriel ne laisse aucune place \u00e0 l\u2019improvisation.<\/strong><br \/><br \/>Plongez au c\u0153ur d\u2019un projet o\u00f9 chaque \u00e9tape, du transport \u00e0 la mise en place, a \u00e9t\u00e9 minutieusement orchestr\u00e9e pour garantir s\u00e9curit\u00e9, pr\u00e9cision et performance.<\/p>\t\t\t\t\t\t\t\t<\/div>\n\t\t\t\t\t<\/div>\n\t\t\t\t<\/div>\n\t\t\t\t<\/div>\n\t\t","protected":false},"excerpt":{"rendered":"<p>Transporter un \u00e9quipement industriel de 55 tonnes et de 21 m\u00e8tres de long n&rsquo;est jamais une op\u00e9ration ordinaire. C&rsquo;est pourtant le d\u00e9fi qu&rsquo;ont relev\u00e9 les \u00e9quipes FE lors du transbordement d&rsquo;un nouvel \u00e9vaporateur destin\u00e9 \u00e0 une installation industrielle au Mexique. Sous une m\u00e9t\u00e9o capricieuse mais dans des conditions parfaitement ma\u00eetris\u00e9es, l\u2019\u00e9quipement a \u00e9t\u00e9 transf\u00e9r\u00e9 d\u2019un [&hellip;]<\/p>\n","protected":false},"author":10,"featured_media":0,"comment_status":"closed","ping_status":"closed","sticky":false,"template":"","format":"standard","meta":{"footnotes":""},"categories":[6],"tags":[],"class_list":["post-9292","post","type-post","status-publish","format-standard","hentry","category-actualites"],"yoast_head":"<!-- This site is optimized with the Yoast SEO plugin v28.3 - https:\/\/yoast.com\/product\/yoast-seo-wordpress\/ -->\n<title>\u00c9vaporateur de 55 tonnes : une op\u00e9ration logistique hors normes en route vers le Mexique - France Evaporation<\/title>\n<meta name=\"description\" content=\"21 m\u00e8tres de long, 55 tonnes et une destination : retour sur l&#039;acheminement d\u2019exception d&#039;un \u00e9vaporateur vers le Mexique.\" \/>\n<meta name=\"robots\" content=\"index, follow, max-snippet:-1, max-image-preview:large, max-video-preview:-1\" \/>\n<link rel=\"canonical\" href=\"https:\/\/www.evaporation.com\/fr\/actualites\/operation-logistique-evaporateur-55-tonnes-mexique\/\" \/>\n<meta property=\"og:locale\" content=\"fr_FR\" \/>\n<meta property=\"og:type\" content=\"article\" \/>\n<meta property=\"og:title\" content=\"\u00c9vaporateur de 55 tonnes : une op\u00e9ration logistique hors normes en route vers le Mexique - France Evaporation\" \/>\n<meta property=\"og:description\" content=\"21 m\u00e8tres de long, 55 tonnes et une destination : retour sur l&#039;acheminement d\u2019exception d&#039;un \u00e9vaporateur vers le Mexique.\" \/>\n<meta property=\"og:url\" content=\"https:\/\/www.evaporation.com\/fr\/actualites\/operation-logistique-evaporateur-55-tonnes-mexique\/\" \/>\n<meta property=\"og:site_name\" content=\"France Evaporation\" \/>\n<meta property=\"article:publisher\" content=\"https:\/\/www.facebook.com\/FranceEvaporation\" \/>\n<meta property=\"article:published_time\" content=\"2026-09-02T14:39:26+00:00\" \/>\n<meta property=\"article:modified_time\" content=\"2026-09-02T14:54:47+00:00\" \/>\n<meta property=\"og:image\" content=\"https:\/\/www.evaporation.com\/wp-content\/uploads\/FE-Communication-GIF_Transbordement-evapo-ABM2-Mexique.gif\" \/>\n\t<meta property=\"og:image:width\" content=\"800\" \/>\n\t<meta property=\"og:image:height\" content=\"533\" \/>\n\t<meta property=\"og:image:type\" content=\"image\/gif\" \/>\n<meta name=\"author\" content=\"Emeline HESPEL\" \/>\n<meta name=\"twitter:card\" content=\"summary_large_image\" \/>\n<meta name=\"twitter:label1\" content=\"\u00c9crit par\" \/>\n\t<meta name=\"twitter:data1\" content=\"Emeline HESPEL\" \/>\n\t<meta name=\"twitter:label2\" content=\"Dur\u00e9e de lecture estim\u00e9e\" \/>\n\t<meta name=\"twitter:data2\" content=\"3 minutes\" \/>\n<script type=\"application\/ld+json\" class=\"yoast-schema-graph\">{\"@context\":\"https:\\\/\\\/schema.org\",\"@graph\":[{\"@type\":\"Article\",\"@id\":\"https:\\\/\\\/www.evaporation.com\\\/fr\\\/actualites\\\/operation-logistique-evaporateur-55-tonnes-mexique\\\/#article\",\"isPartOf\":{\"@id\":\"https:\\\/\\\/www.evaporation.com\\\/fr\\\/actualites\\\/operation-logistique-evaporateur-55-tonnes-mexique\\\/\"},\"author\":{\"name\":\"Emeline HESPEL\",\"@id\":\"https:\\\/\\\/www.evaporation.com\\\/fr\\\/#\\\/schema\\\/person\\\/060d1564a3209ef861fc3f9c6408798d\"},\"headline\":\"\u00c9vaporateur de 55 tonnes : une op\u00e9ration logistique hors normes en route vers le Mexique\",\"datePublished\":\"2026-09-02T14:39:26+00:00\",\"dateModified\":\"2026-09-02T14:54:47+00:00\",\"mainEntityOfPage\":{\"@id\":\"https:\\\/\\\/www.evaporation.com\\\/fr\\\/actualites\\\/operation-logistique-evaporateur-55-tonnes-mexique\\\/\"},\"wordCount\":662,\"publisher\":{\"@id\":\"https:\\\/\\\/www.evaporation.com\\\/fr\\\/#organization\"},\"image\":{\"@id\":\"https:\\\/\\\/www.evaporation.com\\\/fr\\\/actualites\\\/operation-logistique-evaporateur-55-tonnes-mexique\\\/#primaryimage\"},\"thumbnailUrl\":\"https:\\\/\\\/www.evaporation.com\\\/wp-content\\\/uploads\\\/FE-Communication-GIF_Transbordement-evapo-ABM2-Mexique.gif\",\"articleSection\":[\"Actualit\u00e9s\"],\"inLanguage\":\"fr-FR\"},{\"@type\":\"WebPage\",\"@id\":\"https:\\\/\\\/www.evaporation.com\\\/fr\\\/actualites\\\/operation-logistique-evaporateur-55-tonnes-mexique\\\/\",\"url\":\"https:\\\/\\\/www.evaporation.com\\\/fr\\\/actualites\\\/operation-logistique-evaporateur-55-tonnes-mexique\\\/\",\"name\":\"\u00c9vaporateur de 55 tonnes : une op\u00e9ration logistique hors normes en route vers le Mexique - France Evaporation\",\"isPartOf\":{\"@id\":\"https:\\\/\\\/www.evaporation.com\\\/fr\\\/#website\"},\"primaryImageOfPage\":{\"@id\":\"https:\\\/\\\/www.evaporation.com\\\/fr\\\/actualites\\\/operation-logistique-evaporateur-55-tonnes-mexique\\\/#primaryimage\"},\"image\":{\"@id\":\"https:\\\/\\\/www.evaporation.com\\\/fr\\\/actualites\\\/operation-logistique-evaporateur-55-tonnes-mexique\\\/#primaryimage\"},\"thumbnailUrl\":\"https:\\\/\\\/www.evaporation.com\\\/wp-content\\\/uploads\\\/FE-Communication-GIF_Transbordement-evapo-ABM2-Mexique.gif\",\"datePublished\":\"2026-09-02T14:39:26+00:00\",\"dateModified\":\"2026-09-02T14:54:47+00:00\",\"description\":\"21 m\u00e8tres de long, 55 tonnes et une destination : retour sur l'acheminement d\u2019exception d'un \u00e9vaporateur vers le Mexique.\",\"breadcrumb\":{\"@id\":\"https:\\\/\\\/www.evaporation.com\\\/fr\\\/actualites\\\/operation-logistique-evaporateur-55-tonnes-mexique\\\/#breadcrumb\"},\"inLanguage\":\"fr-FR\",\"potentialAction\":[{\"@type\":\"ReadAction\",\"target\":[\"https:\\\/\\\/www.evaporation.com\\\/fr\\\/actualites\\\/operation-logistique-evaporateur-55-tonnes-mexique\\\/\"]}]},{\"@type\":\"ImageObject\",\"inLanguage\":\"fr-FR\",\"@id\":\"https:\\\/\\\/www.evaporation.com\\\/fr\\\/actualites\\\/operation-logistique-evaporateur-55-tonnes-mexique\\\/#primaryimage\",\"url\":\"https:\\\/\\\/www.evaporation.com\\\/wp-content\\\/uploads\\\/FE-Communication-GIF_Transbordement-evapo-ABM2-Mexique.gif\",\"contentUrl\":\"https:\\\/\\\/www.evaporation.com\\\/wp-content\\\/uploads\\\/FE-Communication-GIF_Transbordement-evapo-ABM2-Mexique.gif\"},{\"@type\":\"BreadcrumbList\",\"@id\":\"https:\\\/\\\/www.evaporation.com\\\/fr\\\/actualites\\\/operation-logistique-evaporateur-55-tonnes-mexique\\\/#breadcrumb\",\"itemListElement\":[{\"@type\":\"ListItem\",\"position\":1,\"name\":\"Home\",\"item\":\"https:\\\/\\\/www.evaporation.com\\\/fr\\\/\"},{\"@type\":\"ListItem\",\"position\":2,\"name\":\"Actualit\u00e9s\",\"item\":\"https:\\\/\\\/www.evaporation.com\\\/fr\\\/.\\\/actualites\\\/\"},{\"@type\":\"ListItem\",\"position\":3,\"name\":\"\u00c9vaporateur de 55 tonnes : une op\u00e9ration logistique hors normes en route vers le Mexique\"}]},{\"@type\":\"WebSite\",\"@id\":\"https:\\\/\\\/www.evaporation.com\\\/fr\\\/#website\",\"url\":\"https:\\\/\\\/www.evaporation.com\\\/fr\\\/\",\"name\":\"France Evaporation\",\"description\":\"Concentr\u00e9 de solutions\",\"publisher\":{\"@id\":\"https:\\\/\\\/www.evaporation.com\\\/fr\\\/#organization\"},\"potentialAction\":[{\"@type\":\"SearchAction\",\"target\":{\"@type\":\"EntryPoint\",\"urlTemplate\":\"https:\\\/\\\/www.evaporation.com\\\/fr\\\/?s={search_term_string}\"},\"query-input\":{\"@type\":\"PropertyValueSpecification\",\"valueRequired\":true,\"valueName\":\"search_term_string\"}}],\"inLanguage\":\"fr-FR\"},{\"@type\":\"Organization\",\"@id\":\"https:\\\/\\\/www.evaporation.com\\\/fr\\\/#organization\",\"name\":\"France Evaporation\",\"url\":\"https:\\\/\\\/www.evaporation.com\\\/fr\\\/\",\"logo\":{\"@type\":\"ImageObject\",\"inLanguage\":\"fr-FR\",\"@id\":\"https:\\\/\\\/www.evaporation.com\\\/fr\\\/#\\\/schema\\\/logo\\\/image\\\/\",\"url\":\"https:\\\/\\\/www.evaporation.com\\\/wp-content\\\/uploads\\\/fe-logo.svg\",\"contentUrl\":\"https:\\\/\\\/www.evaporation.com\\\/wp-content\\\/uploads\\\/fe-logo.svg\",\"width\":131,\"height\":60,\"caption\":\"France Evaporation\"},\"image\":{\"@id\":\"https:\\\/\\\/www.evaporation.com\\\/fr\\\/#\\\/schema\\\/logo\\\/image\\\/\"},\"sameAs\":[\"https:\\\/\\\/www.facebook.com\\\/FranceEvaporation\",\"https:\\\/\\\/www.linkedin.com\\\/company\\\/3760850\\\/\",\"https:\\\/\\\/www.youtube.com\\\/@franceevaporation3610\"]},{\"@type\":\"Person\",\"@id\":\"https:\\\/\\\/www.evaporation.com\\\/fr\\\/#\\\/schema\\\/person\\\/060d1564a3209ef861fc3f9c6408798d\",\"name\":\"Emeline HESPEL\"}]}<\/script>\n<!-- \/ Yoast SEO plugin. -->","yoast_head_json":{"title":"\u00c9vaporateur de 55 tonnes : une op\u00e9ration logistique hors normes en route vers le Mexique - France Evaporation","description":"21 m\u00e8tres de long, 55 tonnes et une destination : retour sur l'acheminement d\u2019exception d'un \u00e9vaporateur vers le Mexique.","robots":{"index":"index","follow":"follow","max-snippet":"max-snippet:-1","max-image-preview":"max-image-preview:large","max-video-preview":"max-video-preview:-1"},"canonical":"https:\/\/www.evaporation.com\/fr\/actualites\/operation-logistique-evaporateur-55-tonnes-mexique\/","og_locale":"fr_FR","og_type":"article","og_title":"\u00c9vaporateur de 55 tonnes : une op\u00e9ration logistique hors normes en route vers le Mexique - France Evaporation","og_description":"21 m\u00e8tres de long, 55 tonnes et une destination : retour sur l'acheminement d\u2019exception d'un \u00e9vaporateur vers le Mexique.","og_url":"https:\/\/www.evaporation.com\/fr\/actualites\/operation-logistique-evaporateur-55-tonnes-mexique\/","og_site_name":"France Evaporation","article_publisher":"https:\/\/www.facebook.com\/FranceEvaporation","article_published_time":"2026-09-02T14:39:26+00:00","article_modified_time":"2026-09-02T14:54:47+00:00","og_image":[{"url":"https:\/\/www.evaporation.com\/wp-content\/uploads\/FE-Communication-GIF_Transbordement-evapo-ABM2-Mexique.gif","width":800,"height":533,"type":"image\/gif"}],"author":"Emeline HESPEL","twitter_card":"summary_large_image","twitter_misc":{"\u00c9crit par":"Emeline HESPEL","Dur\u00e9e de lecture estim\u00e9e":"3 minutes"},"schema":{"@context":"https:\/\/schema.org","@graph":[{"@type":"Article","@id":"https:\/\/www.evaporation.com\/fr\/actualites\/operation-logistique-evaporateur-55-tonnes-mexique\/#article","isPartOf":{"@id":"https:\/\/www.evaporation.com\/fr\/actualites\/operation-logistique-evaporateur-55-tonnes-mexique\/"},"author":{"name":"Emeline HESPEL","@id":"https:\/\/www.evaporation.com\/fr\/#\/schema\/person\/060d1564a3209ef861fc3f9c6408798d"},"headline":"\u00c9vaporateur de 55 tonnes : une op\u00e9ration logistique hors normes en route vers le Mexique","datePublished":"2026-09-02T14:39:26+00:00","dateModified":"2026-09-02T14:54:47+00:00","mainEntityOfPage":{"@id":"https:\/\/www.evaporation.com\/fr\/actualites\/operation-logistique-evaporateur-55-tonnes-mexique\/"},"wordCount":662,"publisher":{"@id":"https:\/\/www.evaporation.com\/fr\/#organization"},"image":{"@id":"https:\/\/www.evaporation.com\/fr\/actualites\/operation-logistique-evaporateur-55-tonnes-mexique\/#primaryimage"},"thumbnailUrl":"https:\/\/www.evaporation.com\/wp-content\/uploads\/FE-Communication-GIF_Transbordement-evapo-ABM2-Mexique.gif","articleSection":["Actualit\u00e9s"],"inLanguage":"fr-FR"},{"@type":"WebPage","@id":"https:\/\/www.evaporation.com\/fr\/actualites\/operation-logistique-evaporateur-55-tonnes-mexique\/","url":"https:\/\/www.evaporation.com\/fr\/actualites\/operation-logistique-evaporateur-55-tonnes-mexique\/","name":"\u00c9vaporateur de 55 tonnes : une op\u00e9ration logistique hors normes en route vers le Mexique - France Evaporation","isPartOf":{"@id":"https:\/\/www.evaporation.com\/fr\/#website"},"primaryImageOfPage":{"@id":"https:\/\/www.evaporation.com\/fr\/actualites\/operation-logistique-evaporateur-55-tonnes-mexique\/#primaryimage"},"image":{"@id":"https:\/\/www.evaporation.com\/fr\/actualites\/operation-logistique-evaporateur-55-tonnes-mexique\/#primaryimage"},"thumbnailUrl":"https:\/\/www.evaporation.com\/wp-content\/uploads\/FE-Communication-GIF_Transbordement-evapo-ABM2-Mexique.gif","datePublished":"2026-09-02T14:39:26+00:00","dateModified":"2026-09-02T14:54:47+00:00","description":"21 m\u00e8tres de long, 55 tonnes et une destination : retour sur l'acheminement d\u2019exception d'un \u00e9vaporateur vers le Mexique.","breadcrumb":{"@id":"https:\/\/www.evaporation.com\/fr\/actualites\/operation-logistique-evaporateur-55-tonnes-mexique\/#breadcrumb"},"inLanguage":"fr-FR","potentialAction":[{"@type":"ReadAction","target":["https:\/\/www.evaporation.com\/fr\/actualites\/operation-logistique-evaporateur-55-tonnes-mexique\/"]}]},{"@type":"ImageObject","inLanguage":"fr-FR","@id":"https:\/\/www.evaporation.com\/fr\/actualites\/operation-logistique-evaporateur-55-tonnes-mexique\/#primaryimage","url":"https:\/\/www.evaporation.com\/wp-content\/uploads\/FE-Communication-GIF_Transbordement-evapo-ABM2-Mexique.gif","contentUrl":"https:\/\/www.evaporation.com\/wp-content\/uploads\/FE-Communication-GIF_Transbordement-evapo-ABM2-Mexique.gif"},{"@type":"BreadcrumbList","@id":"https:\/\/www.evaporation.com\/fr\/actualites\/operation-logistique-evaporateur-55-tonnes-mexique\/#breadcrumb","itemListElement":[{"@type":"ListItem","position":1,"name":"Home","item":"https:\/\/www.evaporation.com\/fr\/"},{"@type":"ListItem","position":2,"name":"Actualit\u00e9s","item":"https:\/\/www.evaporation.com\/fr\/.\/actualites\/"},{"@type":"ListItem","position":3,"name":"\u00c9vaporateur de 55 tonnes : une op\u00e9ration logistique hors normes en route vers le Mexique"}]},{"@type":"WebSite","@id":"https:\/\/www.evaporation.com\/fr\/#website","url":"https:\/\/www.evaporation.com\/fr\/","name":"France Evaporation","description":"Concentr\u00e9 de solutions","publisher":{"@id":"https:\/\/www.evaporation.com\/fr\/#organization"},"potentialAction":[{"@type":"SearchAction","target":{"@type":"EntryPoint","urlTemplate":"https:\/\/www.evaporation.com\/fr\/?s={search_term_string}"},"query-input":{"@type":"PropertyValueSpecification","valueRequired":true,"valueName":"search_term_string"}}],"inLanguage":"fr-FR"},{"@type":"Organization","@id":"https:\/\/www.evaporation.com\/fr\/#organization","name":"France Evaporation","url":"https:\/\/www.evaporation.com\/fr\/","logo":{"@type":"ImageObject","inLanguage":"fr-FR","@id":"https:\/\/www.evaporation.com\/fr\/#\/schema\/logo\/image\/","url":"https:\/\/www.evaporation.com\/wp-content\/uploads\/fe-logo.svg","contentUrl":"https:\/\/www.evaporation.com\/wp-content\/uploads\/fe-logo.svg","width":131,"height":60,"caption":"France Evaporation"},"image":{"@id":"https:\/\/www.evaporation.com\/fr\/#\/schema\/logo\/image\/"},"sameAs":["https:\/\/www.facebook.com\/FranceEvaporation","https:\/\/www.linkedin.com\/company\/3760850\/","https:\/\/www.youtube.com\/@franceevaporation3610"]},{"@type":"Person","@id":"https:\/\/www.evaporation.com\/fr\/#\/schema\/person\/060d1564a3209ef861fc3f9c6408798d","name":"Emeline HESPEL"}]}},"_links":{"self":[{"href":"https:\/\/www.evaporation.com\/fr\/wp-json\/wp\/v2\/posts\/9292","targetHints":{"allow":["GET"]}}],"collection":[{"href":"https:\/\/www.evaporation.com\/fr\/wp-json\/wp\/v2\/posts"}],"about":[{"href":"https:\/\/www.evaporation.com\/fr\/wp-json\/wp\/v2\/types\/post"}],"author":[{"embeddable":true,"href":"https:\/\/www.evaporation.com\/fr\/wp-json\/wp\/v2\/users\/10"}],"replies":[{"embeddable":true,"href":"https:\/\/www.evaporation.com\/fr\/wp-json\/wp\/v2\/comments?post=9292"}],"version-history":[{"count":9,"href":"https:\/\/www.evaporation.com\/fr\/wp-json\/wp\/v2\/posts\/9292\/revisions"}],"predecessor-version":[{"id":9308,"href":"https:\/\/www.evaporation.com\/fr\/wp-json\/wp\/v2\/posts\/9292\/revisions\/9308"}],"wp:attachment":[{"href":"https:\/\/www.evaporation.com\/fr\/wp-json\/wp\/v2\/media?parent=9292"}],"wp:term":[{"taxonomy":"category","embeddable":true,"href":"https:\/\/www.evaporation.com\/fr\/wp-json\/wp\/v2\/categories?post=9292"},{"taxonomy":"post_tag","embeddable":true,"href":"https:\/\/www.evaporation.com\/fr\/wp-json\/wp\/v2\/tags?post=9292"}],"curies":[{"name":"wp","href":"https:\/\/api.w.org\/{rel}","templated":true}]}}